{"id":746,"date":"2013-09-24T18:51:46","date_gmt":"2013-09-24T16:51:46","guid":{"rendered":"http:\/\/www.vordenker.de\/blog\/?p=746"},"modified":"2013-09-24T18:51:46","modified_gmt":"2013-09-24T16:51:46","slug":"kurze-anmerkung-zur-bundestagswahl-keine-analyse","status":"publish","type":"post","link":"http:\/\/www.vordenker.de\/blog\/746\/kurze-anmerkung-zur-bundestagswahl-keine-analyse\/","title":{"rendered":"Kurze Anmerkung zur Bundestagswahl &#8211; keine Analyse"},"content":{"rendered":"<p style=\"text-align: justify;\">Ein Dementi als Vorbemerkung<\/p>\n<p style=\"text-align: justify;\">Leider muss ich das loswerden. Auch ich wurde letzte Woche <!--more-->von Robert Stein-Holzheim angerufen. Er stellte mir seine Initiative vor, am Montag nach der Wahl ein positives Zeichen zur Zukunft der Piratenpartei zu setzen. Nat\u00fcrlich will ich so etwas gern tun. Aber Leute, so geht es nicht: Ungefragt wurde mir und vielen anderen unterstellt, dass wir den sofortigen R\u00fccktritt von Bernd Schl\u00f6mer und Sebastian Nerz fordern. Ich lasse mich nicht benutzen oder f\u00fcr so etwas instrumentalisieren. Eine solche R\u00fccktrittsforderung ist nicht nur einfach stillos, sie entspricht &#8211; man schaue sich nur um &#8211; genau dem Stil der Altparteien, ist also voll Politik 1.0. Ich distanziere mich vollumf\u00e4nglich von diesem kolossalen Rohrkrepierer. Wie ich lese, ist Bernd &#8211; unabh\u00e4ngig davon &#8211; bereits zur\u00fcckgetreten. Ich habe ihm und Sebastian bereits gestern mitgeteilt, dass ich damit nix zu schaffen habe.<\/p>\n<p style=\"text-align: justify;\">Anbei in leicht abgewandelter Form eine Rede, die ich am Sonntag auf der Wahlparty in D\u00fcsseldorf gehalten habe. Weitere Antworten gibt unsere Fraktion morgen im Plenum des Landtages von NRW. Eine Analyse wird noch dauern. Hier noch der Hinweis auf zwei Blogbeitr\u00e4ge von <a href=\"http:\/\/www.christopherlauer.de\/2013\/09\/22\/analyse\/\" target=\"_blank\">Christopher Lauer<\/a> und <a href=\"http:\/\/www.wolfgang-dudda.de\/?p=8038\" target=\"_blank\">Wolfgang Dudda<\/a>, die ich sehr gut finde. Nun die Rede:<\/p>\n<p style=\"text-align: justify;\">Liebe Piraten!<\/p>\n<p style=\"text-align: justify;\">Nein, ich bin nicht begeistert, und ich mag der Republik nicht gratulieren.<\/p>\n<p style=\"text-align: justify;\">Was die Infost\u00e4nde angeht, meist waren wir die ersten beim Auf- und die letzten beim Abbau. Das war wirklich der Hammer, mit welchem Engagement unsere Mitpiraten da gek\u00e4mpft haben! Da d\u00fcrfen und m\u00fcssen wir uns auf die Schultern klopfen. Ein besonderer Dank hier in Nordrhein-Westfalen gilt unserem Piratenbus-Team. Leute, ihr habt einen Orden verdient.<\/p>\n<p style=\"text-align: justify;\">Die Piraten haben zum zweiten Mal an einer Bundestagswahl teilgenommen. Im Vergleich zu 2009 konnten wir unseren Stimmenanteil leicht verbessern. Der Einzug in den Bundestag hat dieses Mal noch nicht geklappt.\u00a0 Aber wir verstehen die 2.2 % der B\u00fcrger, die uns ihr Vertrauen ausgesprochen haben, unbedingt als Auftrag!<\/p>\n<p style=\"text-align: justify;\">Hinter uns liegt ein sehr unpolitischer Wahlkampf, in dem Schlandkette und Stinkefinger medial eine gr\u00f6\u00dfere Rolle gespielt haben, als die dr\u00e4ngendsten Probleme unserer Zeit.<\/p>\n<p style=\"text-align: justify;\">Und auch wir selbst haben Fehler gemacht, was wir brauchen, sind bessere Strategien, bessere Strukturen und deutlichere Visionen! Aber da werden wir dazu lernen.<\/p>\n<p style=\"text-align: justify;\">Was Umfragen und politische Beobachter voraus sagten, hat sich best\u00e4tigt: Das bestehende Altparteiensystem stellt im 18. Bundestag erneut die gro\u00dfe Mehrheit der Abgeordneten. Angela Merkel bleibt uns als Kanzlerin erhalten.<\/p>\n<p style=\"text-align: justify;\">Das Wahlergebnis best\u00e4tigt das Fehlen einer politischen Wechselstimmung und einer glaubhaften Alternative seitens \u201eRot-Gr\u00fcn\u201c. Es offenbart ein erstaunliches Ausma\u00df politischer Reserven der Kr\u00e4fte des Aussitzens, und das auch noch in krisenhaften Zeiten.<\/p>\n<p style=\"text-align: justify;\">Nachdem die Medien uns Piraten erst hoch und dann runter geschrieben haben, haben sie die Demoskopie als W\u00e4hlermanipulation in pseudowissenschaftlicher Verpackung best\u00e4tigt.<\/p>\n<p style=\"text-align: justify;\">Wir Piraten w\u00e4ren sicher eine Bereicherung f\u00fcr den Bundestag gewesen \u2013 auch was ihre unkonventionelle Parteikultur angeht.<\/p>\n<p style=\"text-align: justify;\">Demokratie ist aber weit mehr als nur \u201ew\u00e4hlen gehen\u201c!<\/p>\n<p style=\"text-align: justify;\">Als au\u00dferparlamentarische Kraft und als Fraktionen in den vier Landtagen nehmen wir die 2.2 % als Auftrag und werden weiterhin mithelfen, die im Wahlkampf unter den Teppich gekehrten zentralen Probleme zu benennen:<\/p>\n<ul>\n<li>der zunehmende Verlust von Privatheit und Diskretion durch staatliche Schn\u00fcffeleien, der unsere Demokratie untergr\u00e4bt, ein Selbstverrat ungeahnten Ausma\u00dfes,<\/li>\n<li>die fehlenden politischen Konsequenzen aus der sogenannten Staatsschuldenkrise, die im Kern eine Krise der Finanzm\u00e4rkte ist,<\/li>\n<li>die Spardiktate, die in Europa zu einer galoppierenden Verelendung f\u00fchren,<\/li>\n<li>der Euro-Raum, der auseinander zu brechen droht,<\/li>\n<li>die falsche Rentenpolitik, die Altersarmut erzeugt,<\/li>\n<li>die zunehmende \u00f6konomische Spaltung unserer Gesellschaft,<\/li>\n<li>unsere zerbr\u00f6selnden Stra\u00dfen und Br\u00fccken und unser verrottendes Bildungssystem.<\/li>\n<\/ul>\n<p style=\"text-align: justify;\">Wir haben die Erfahrung machen m\u00fcssen, zwar im Zeitalter der Aufkl\u00e4rung, aber nicht in einer aufgekl\u00e4rten Gesellschaft zu leben. Und zahlreiche unserer Politikkonzepte sind bislang \u00f6ffentlich nicht ausreichend diskutiert worden. Wir Piraten sind nach wie vor die einzigen, die das neue Handlungsfeld <em>Politik UND Technologie<\/em> \u00fcberhaupt auf dem Schirm haben. Und wir wissen, was das Merkelwort vom Neuland wirklich bedeutet, n\u00e4mlich das versteckte Eingest\u00e4ndnis der Politik, dass die politische Sph\u00e4re der technisch-\u00f6konomischen hoffnungslos hinterher l\u00e4uft \u2013 und das bereits seit Jahrzehnten.<\/p>\n<p style=\"text-align: justify;\">Aber wir sind angetreten, dieses Feld aktiv zu gestalten!<\/p>\n<p style=\"text-align: justify;\">Daher trifft uns die Umkehr des Gorbatschow-Wortes: \u201eWer zu fr\u00fch kommt, den bestrafen die Ahnungslosen\u201c.<\/p>\n<p style=\"text-align: justify;\">Nach der Wahl ist vor der Wahl. Wer ernst machen will, mit dem Menschenrecht auf menschenw\u00fcrdiges Leben, menschenw\u00fcrdige Arbeit, offene Bildung und solidarische Selbsthilfe, der braucht andere Politikangebote und einen offenen Diskurs, dem sich die Altparteien bislang verweigert haben.<\/p>\n<p style=\"text-align: justify;\">Als Lobby f\u00fcr Aufkl\u00e4rung und M\u00fcndigkeit werden wir Piraten weiterhin unseren Beitrag leisten, Politik nicht nur transparent zu machen, sondern auch zukunftsf\u00e4hig weiter zu entwickeln.<\/p>\n<p style=\"text-align: justify;\">Und das gilt nat\u00fcrlich auch f\u00fcr die Piratenfraktionen in den Landtagen!<\/p>\n<p style=\"text-align: justify;\">Packen wir es an \u2013 nach der Wahl ist vor der Wahl. N\u00e4chstes Jahr hei\u00dft es: Auf nach Br\u00fcssel \u2013 und hier in NRW: Entert die Stadtr\u00e4te und Kreistage!!<\/p>\n<p style=\"text-align: justify;\">Es ist nicht entscheidend, dass man mal zu Boden geht, entscheidend ist, dann wieder aufzustehen!<\/p>\n<p style=\"text-align: justify;\">Bis morgen!<\/p>\n","protected":false},"excerpt":{"rendered":"<p>Ein Dementi als Vorbemerkung Leider muss ich das loswerden. Auch ich wurde letzte Woche<\/p>\n","protected":false},"author":1,"featured_media":0,"comment_status":"open","ping_status":"open","sticky":false,"template":"","format":"standard","meta":{"footnotes":""},"categories":[6],"tags":[],"class_list":["post-746","post","type-post","status-publish","format-standard","hentry","category-allgemein"],"_links":{"self":[{"href":"http:\/\/www.vordenker.de\/blog\/wp-json\/wp\/v2\/posts\/746","targetHints":{"allow":["GET"]}}],"collection":[{"href":"http:\/\/www.vordenker.de\/blog\/wp-json\/wp\/v2\/posts"}],"about":[{"href":"http:\/\/www.vordenker.de\/blog\/wp-json\/wp\/v2\/types\/post"}],"author":[{"embeddable":true,"href":"http:\/\/www.vordenker.de\/blog\/wp-json\/wp\/v2\/users\/1"}],"replies":[{"embeddable":true,"href":"http:\/\/www.vordenker.de\/blog\/wp-json\/wp\/v2\/comments?post=746"}],"version-history":[{"count":6,"href":"http:\/\/www.vordenker.de\/blog\/wp-json\/wp\/v2\/posts\/746\/revisions"}],"predecessor-version":[{"id":752,"href":"http:\/\/www.vordenker.de\/blog\/wp-json\/wp\/v2\/posts\/746\/revisions\/752"}],"wp:attachment":[{"href":"http:\/\/www.vordenker.de\/blog\/wp-json\/wp\/v2\/media?parent=746"}],"wp:term":[{"taxonomy":"category","embeddable":true,"href":"http:\/\/www.vordenker.de\/blog\/wp-json\/wp\/v2\/categories?post=746"},{"taxonomy":"post_tag","embeddable":true,"href":"http:\/\/www.vordenker.de\/blog\/wp-json\/wp\/v2\/tags?post=746"}],"curies":[{"name":"wp","href":"https:\/\/api.w.org\/{rel}","templated":true}]}}