{"id":993,"date":"2014-10-02T16:29:30","date_gmt":"2014-10-02T14:29:30","guid":{"rendered":"http:\/\/www.vordenker.de\/blog\/?p=993"},"modified":"2014-10-02T16:29:30","modified_gmt":"2014-10-02T14:29:30","slug":"verweildauer-im-qualitaetsmedium-26-minuten","status":"publish","type":"post","link":"http:\/\/www.vordenker.de\/blog\/993\/verweildauer-im-qualitaetsmedium-26-minuten\/","title":{"rendered":"Verweildauer im &#8222;Qualit\u00e4tsmedium&#8220; &#8211; 26 Minuten"},"content":{"rendered":"<p>Wir machen jetzt mal das mit den Medien.<\/p>\n<p>Heute, am 02. Oktober 2014, fand im Landtag NRW eine Unterrichtung durch die Landesregierung zum Thema &#8222;\u00dcbergriffe auf Asylbewerber durch Sicherheitspersonal in Unterbringungs-einrichtungen des Landes&#8220; statt, in Kombination mit einer aktuellen Stunde, die von der Piratenfraktion NRW und der Fraktion der CDU <!--more-->beantragt wurde. Die genauen Titel der Antr\u00e4ge k\u00f6nnen der <a title=\"Tagesordnung LT NRW - 02.10.2014\" href=\"http:\/\/www.landtag.nrw.de\/portal\/WWW\/GB_I\/I.1\/Tagesordnungen\/WP16\/001\/PT16-69.jsp\" target=\"_blank\">Tagesordnung auf der WebSite des Landtages NRW<\/a> entnommen werden. Entsprechend gro\u00df f\u00fcr den auch in der internationalen Presse kommentierten Skandal war das Medienecho. F\u00fcr die Piratenfraktion trat zun\u00e4chst ich und in der 2. Runde Frank Herrmann ans Rednerpult. Etwa um 13:31 rief unser Parlamentarischer Gesch\u00e4ftsf\u00fchrer Marc &#8222;Grumpy&#8220; Olejak auf seinem Handy Google News auf und suchte nach &#8222;Piraten&#8220; und &#8222;J\u00e4ger&#8220;. Hier ein Ergebnis aus der Trefferliste, ein Google-Snippet als Screenshot:<\/p>\n<p><a href=\"http:\/\/www.vordenker.de\/blog\/wp-content\/uploads\/2014\/10\/google-snippet.jpg\"><img loading=\"lazy\" decoding=\"async\" class=\"size-medium wp-image-994 aligncenter\" src=\"http:\/\/www.vordenker.de\/blog\/wp-content\/uploads\/2014\/10\/google-snippet-300x126.jpg\" alt=\"google-snippet\" width=\"300\" height=\"126\" srcset=\"http:\/\/www.vordenker.de\/blog\/wp-content\/uploads\/2014\/10\/google-snippet-300x126.jpg 300w, http:\/\/www.vordenker.de\/blog\/wp-content\/uploads\/2014\/10\/google-snippet.jpg 540w\" sizes=\"auto, (max-width: 300px) 100vw, 300px\" \/><\/a><\/p>\n<p>Derwesten.de &#8211; vor 26 Minuten. Daraus geht hervor, dass der verlinkte Artikel mich zitiert. Ein Klick auf den Link f\u00fchrt zu <a title=\"aktueller WAZ-Artikel zu J\u00e4ger\" href=\"http:\/\/www.derwesten.de\/politik\/ralf-jaeger-gibt-versaeumnisse-zu-armin-laschet-legt-dem-innenminister-ruecktritt-nahe-id9892956.html\" target=\"_blank\">folgendem Artikel<\/a>. Kein Wort mehr zu Piraten, zu mir oder Frank Herrmann.<\/p>\n<p>Hallo Herr Goebels, liebe WAZler, was ist los bei Euch? \u00c4rger in der Redaktion oder mit dem Chefredakteur?<\/p>\n<p>Also so wird das nix mit dem Qualit\u00e4tsmedium! Das Totschweigen einer Oppostionspartei, noch dazu einer, die deutlich und mehrfach auf Systemfehler hinweist, passt nicht in die Informations- und Wissensgesellschaft und dient nicht der politischen Transparenz. Aber wir haben&#8217;s gemerkt. Und wir passen weiterhin auf.<\/p>\n<p>Positiv hervorheben m\u00f6chte ich die <a title=\"Beitrag von RP Online zur heutigen aktuellen Stunde\" href=\"http:\/\/www.rp-online.de\/nrw\/landespolitik\/ralf-jaeger-zu-fluechtlingsskandal-nrw-innenminister-raeumt-fehler-ein-aid-1.4570027\" target=\"_blank\">Berichterstattung der Rheinischen Post<\/a> dazu. Alle Positionen werden knapp aber knackig dargestellt.<\/p>\n<p>Direkt informieren kann man sich auch auf der <a title=\"Der Aufmacher des Landtags NRW \" href=\"http:\/\/www.landtag.nrw.de\/portal\/WWW\/GB_II\/II.1\/Pressemitteilungen-Informationen-Aufmacher\/Aufmacher\/Aufmacher.jsp\" target=\"_blank\">WebSite des Landtags<\/a> selbst. Dort gilt die Regel: Der gr\u00f6\u00dftm\u00f6glichen Objektivit\u00e4t verpflichtet.<\/p>\n<p><a title=\"Joachim Paul auf youtube\" href=\"https:\/\/www.youtube.com\/watch?v=03ChUBJ2gaA\" target=\"_blank\">Die Rede von Joachim Paul auf youtube<\/a><br \/>\n<a title=\"Frank Herrmann auf youtube\" href=\"https:\/\/www.youtube.com\/watch?v=RwtUAr_nAhE\" target=\"_blank\">Die Rede von Frank Herrmann auf youtube<\/a><\/p>\n<p>So long und medial sauber bleiben,<br \/>\nNick H. aka Joachim Paul<\/p>\n","protected":false},"excerpt":{"rendered":"<p>Wir machen jetzt mal das mit den Medien. Heute, am 02. Oktober 2014, fand im Landtag NRW eine Unterrichtung durch die Landesregierung zum Thema &#8222;\u00dcbergriffe auf Asylbewerber durch Sicherheitspersonal in Unterbringungs-einrichtungen des Landes&#8220; statt, in Kombination mit einer aktuellen Stunde, die von der Piratenfraktion NRW und der Fraktion der CDU<\/p>\n","protected":false},"author":1,"featured_media":0,"comment_status":"open","ping_status":"open","sticky":false,"template":"","format":"standard","meta":{"footnotes":""},"categories":[6,247,299,1],"tags":[329,330],"class_list":["post-993","post","type-post","status-publish","format-standard","hentry","category-allgemein","category-medien","category-piratenfraktion-nrw","category-politik","tag-der-westen","tag-waz-gruppe"],"_links":{"self":[{"href":"http:\/\/www.vordenker.de\/blog\/wp-json\/wp\/v2\/posts\/993","targetHints":{"allow":["GET"]}}],"collection":[{"href":"http:\/\/www.vordenker.de\/blog\/wp-json\/wp\/v2\/posts"}],"about":[{"href":"http:\/\/www.vordenker.de\/blog\/wp-json\/wp\/v2\/types\/post"}],"author":[{"embeddable":true,"href":"http:\/\/www.vordenker.de\/blog\/wp-json\/wp\/v2\/users\/1"}],"replies":[{"embeddable":true,"href":"http:\/\/www.vordenker.de\/blog\/wp-json\/wp\/v2\/comments?post=993"}],"version-history":[{"count":7,"href":"http:\/\/www.vordenker.de\/blog\/wp-json\/wp\/v2\/posts\/993\/revisions"}],"predecessor-version":[{"id":1001,"href":"http:\/\/www.vordenker.de\/blog\/wp-json\/wp\/v2\/posts\/993\/revisions\/1001"}],"wp:attachment":[{"href":"http:\/\/www.vordenker.de\/blog\/wp-json\/wp\/v2\/media?parent=993"}],"wp:term":[{"taxonomy":"category","embeddable":true,"href":"http:\/\/www.vordenker.de\/blog\/wp-json\/wp\/v2\/categories?post=993"},{"taxonomy":"post_tag","embeddable":true,"href":"http:\/\/www.vordenker.de\/blog\/wp-json\/wp\/v2\/tags?post=993"}],"curies":[{"name":"wp","href":"https:\/\/api.w.org\/{rel}","templated":true}]}}