{"id":23,"date":"2010-05-13T20:28:24","date_gmt":"2010-05-13T18:28:24","guid":{"rendered":"http:\/\/www.vordenker.de\/blog\/?p=23"},"modified":"2020-06-16T09:46:51","modified_gmt":"2020-06-16T07:46:51","slug":"nachgetreten-kommentar-zum-austritt-von-aaron-stefan-koenig-aus-der-piratenpartei","status":"publish","type":"post","link":"https:\/\/www.vordenker.de\/blog\/23\/nachgetreten-kommentar-zum-austritt-von-aaron-stefan-koenig-aus-der-piratenpartei\/","title":{"rendered":"Nachgetreten &#8211; Kommentar zum Austritt von Aaron (Stefan) Koenig aus der Piratenpartei"},"content":{"rendered":"<p>Mit sch\u00f6ner Regelm\u00e4\u00dfigkeit schlagen politische Heissluftballons in  neuen Bewegungen auf, um zu schauen, was sich dort f\u00fcr sich selbst  utilitarisieren l\u00e4sst. Sollten FDP-Anh\u00e4nger jetzt aufhorchen, bleibt  ruhig Leute, hier ist nicht von Guido Westerwelle die Rede. Au\u00dferdem ist  die FDP nicht neu, <!--more-->auch wenn sie immer wieder versucht, sich als eine  Art Innovationsmotor zu verkaufen. Nein, die Piratenpartei hatte so  einen im Bundesvorstand. P\u00fcnktlich zum recht mauen Ergebnis der  nordrhein-westf\u00e4lischen Landtagswahl scheidet der Bundesvorstand Aaron  (Stefan) Koenig aus der Partei aus.<\/p>\n<p>Das ist bedauerlich. Gern h\u00e4tten viele Piraten das Gesch\u00e4ft der Abwahl  auf dem kommenden Bundesparteitag in Bingen selbst besorgt. Auf der  Haben-Seite kann jetzt allerdings ein Zeitgewinn verbucht werden.<\/p>\n<p>Es mag jedoch sinnvoll sein, auf die <a title=\"http:\/\/aaron-koenig.blogspot.com\/2010\/05\/viel-gluck-piraten.html\" rel=\"nofollow\" href=\"http:\/\/aaron-koenig.blogspot.com\/2010\/05\/viel-gluck-piraten.html\">Begr\u00fcndung des Scheidenden<\/a> kurz und verdichtet  einzugehen. Sie kann n\u00e4mlich herangezogen werden, um das  Selbstverst\u00e4ndnis der Piraten zu sch\u00e4rfen. Herr Koenig unterstellt den  Piraten und insbesondere dem NRW-Landtagswahlprogramm paternalistische  Elemente und pr\u00fcgelt dann gleich auf diesen selbst aufgebauten Popanz  ein. Diese Elemente seien \u00fcberfl\u00fcssig, da diese Anspr\u00fcche und das damit  gekoppelte Staatsverst\u00e4ndnis durch die etablierten Parteien bereits zur  Gen\u00fcge vertreten sind.<\/p>\n<p>Sein abgelehnter Vorschlag f\u00fcr ein <a title=\"http:\/\/wiki.piratenpartei.de\/Antragsfabrik\/Piraten-Manifest\" rel=\"nofollow\" href=\"http:\/\/wiki.piratenpartei.de\/Antragsfabrik\/Piraten-Manifest\">Manifest der Piratenpartei<\/a> enth\u00e4lt komplett  verblasene Vorstellungen einer freien B\u00fcrgergesellschaft, die sich  unmittelbar als sich teilweise widersprechende libert\u00e4re politische  Utopismen entlarven lassen, die im eigenen blinden Fleck als  ideologische Springteufelchen wieder auftauchen.<\/p>\n<p>(F\u00fcr philosophisch Interessierte sei bemerkt, dass dies an das  Grundproblem der Notwendigkeit einer negativen Metaphysik r\u00fchrt.)<\/p>\n<p>Sein Bekenntnis zu einer freien Marktwirtschaft ist eine weitere Strophe  in diesem Lied, die ihm nahelegt, sich in den Chor der \u00fcberfl\u00fcssigen  M\u00e4rchenerz\u00e4hler aus FDP und Linken einzureihen.<\/p>\n<p>Indem er die Freiheit in seinen Texten als eine Madonna der  Ideologiefreiheit verehrt, macht er sie unmittelbar zur Hure. Ihm  entgeht \u2013 ganz wie der Blindheit des Narziss \u2013 die dialektische  Verstrickung zwischen Freiheit und Notwendigkeit, zwischen Ich und Welt  und als Folge davon zwischen Partei und Staat. Wenn ich eine freie  B\u00fcrgergesellschaft will, was ist dann \u00fcberhaupt der Staat und wof\u00fcr  brauche ich \u00fcberhaupt eine Partei? Zumindest keine Organisation, die bei  Wahlen antritt, denn W\u00e4hlbarkeit ist die erste Unterwerfung unter die  Spielregeln des Staates.<\/p>\n<p>Herr Koenig verkennt v\u00f6llig, wo sich Innovationskraft und das  prinzipielle Anderssein der Piratenpartei herleiten lassen. Sie liegen  eben nicht in den Werten der im Prozess steckengebliebenen Aufkl\u00e4rung  und im Humanismus \u2013 beide sind strikt hierarchisch organisierte Ideale,  deren dunkle Seite den Namen Auschwitz tr\u00e4gt \u2013 sondern in der  Transfomationskraft des Netzes. In den vergangenen Wahlk\u00e4mpfen hie\u00df es  immer wieder und richtig, die Piraten m\u00fcssten in der Offline-Welt  ankommen. Die folgerichtige dialektische Gegenbewegung hierzu ist die  Transformation des aus der Historie territorial bestimmten  Offline-Politischen in das Netz. Wir haben gerade damit begonnen. Das  Ganze ist eine erste Testspielwiese und hei\u00dft Liquid Feedback.<\/p>\n<p>Fazit: Insofern ist dem Scheidenden f\u00fcr seine Konsequenz des  Austritts zu danken. Utopistisch Verstrahlte helfen nicht, bei schwerem  Wind den Kurs zu halten. Der Austritt von Herrn Koenig stellt weder  intellektuell noch sonst irgendwie einen Verlust f\u00fcr die Piratenpartei  dar.<\/p>\n","protected":false},"excerpt":{"rendered":"<p>Mit sch\u00f6ner Regelm\u00e4\u00dfigkeit schlagen politische Heissluftballons in neuen Bewegungen auf, um zu schauen, was sich dort f\u00fcr sich selbst utilitarisieren l\u00e4sst. Sollten FDP-Anh\u00e4nger jetzt aufhorchen, bleibt ruhig Leute, hier ist nicht von Guido Westerwelle die Rede. Au\u00dferdem ist die FDP nicht neu,<\/p>\n","protected":false},"author":1,"featured_media":0,"comment_status":"closed","ping_status":"closed","sticky":false,"template":"","format":"standard","meta":{"footnotes":""},"categories":[3,1],"tags":[7,8,9,359,358,10],"class_list":["post-23","post","type-post","status-publish","format-standard","hentry","category-piratenpartei","category-politik","tag-austritt","tag-koenig","tag-libertarismus","tag-piratenpartei","tag-politik","tag-utopismus"],"_links":{"self":[{"href":"https:\/\/www.vordenker.de\/blog\/wp-json\/wp\/v2\/posts\/23","targetHints":{"allow":["GET"]}}],"collection":[{"href":"https:\/\/www.vordenker.de\/blog\/wp-json\/wp\/v2\/posts"}],"about":[{"href":"https:\/\/www.vordenker.de\/blog\/wp-json\/wp\/v2\/types\/post"}],"author":[{"embeddable":true,"href":"https:\/\/www.vordenker.de\/blog\/wp-json\/wp\/v2\/users\/1"}],"replies":[{"embeddable":true,"href":"https:\/\/www.vordenker.de\/blog\/wp-json\/wp\/v2\/comments?post=23"}],"version-history":[{"count":2,"href":"https:\/\/www.vordenker.de\/blog\/wp-json\/wp\/v2\/posts\/23\/revisions"}],"predecessor-version":[{"id":2161,"href":"https:\/\/www.vordenker.de\/blog\/wp-json\/wp\/v2\/posts\/23\/revisions\/2161"}],"wp:attachment":[{"href":"https:\/\/www.vordenker.de\/blog\/wp-json\/wp\/v2\/media?parent=23"}],"wp:term":[{"taxonomy":"category","embeddable":true,"href":"https:\/\/www.vordenker.de\/blog\/wp-json\/wp\/v2\/categories?post=23"},{"taxonomy":"post_tag","embeddable":true,"href":"https:\/\/www.vordenker.de\/blog\/wp-json\/wp\/v2\/tags?post=23"}],"curies":[{"name":"wp","href":"https:\/\/api.w.org\/{rel}","templated":true}]}}