{"id":480,"date":"2012-02-05T23:40:15","date_gmt":"2012-02-05T21:40:15","guid":{"rendered":"http:\/\/www.vordenker.de\/blog\/?p=480"},"modified":"2012-04-02T17:04:01","modified_gmt":"2012-04-02T15:04:01","slug":"wolfram-elsner-neoliberaler-kapitalismus-versus-demokratie","status":"publish","type":"post","link":"https:\/\/www.vordenker.de\/blog\/480\/wolfram-elsner-neoliberaler-kapitalismus-versus-demokratie\/","title":{"rendered":"Wolfram Elsner: &#8222;Neoliberaler&#8220; Kapitalismus versus Demokratie."},"content":{"rendered":"<p align=\"left\">Hallo zusammen,<\/p>\n<p align=\"left\">Wolfram Elsner ist <a href=\"http:\/\/iiso-web.fb7.uni-bremen.de\/\" target=\"_blank\"><span style=\"text-decoration: underline;\"> Hochschullehrer an der Universit\u00e4t Bremen<\/span><\/a>. Er gilt als scharfer Kritiker der neoliberalen Wirtschaftsideologie und engagiert sich auf Fachtagungen sowie in j\u00fcngster Zeit auch \u00f6ffentlich <a href=\"http:\/\/www.echte-demokratie-jetzt-bremen.de\/index.php?view=article&amp;id=31\" target=\"_blank\"> <span style=\"text-decoration: underline;\">im Rahmen von Veranstaltungen der der Occupy-Bewegung<\/span><\/a>.<\/p>\n<p align=\"left\">Im Rahmen der Tagung \u201eDie Krise des Kapitalismus und die Zukunft der \u00f6konomischen Wissenschaft. Mainstream \u2013 Heterodoxien \u2013 Pluralismus?\u201c des Arbeitskreises Postautistische \u00d6konomie e.V. und der Hans-B\u00f6ckler-Stiftung, an der Universit\u00e4t Kassel am 28.\/29.09.2011 hielt er einen \u00f6ffentlichen Vortrag mit dem Titel: <a title=\"externer Link - zum Vortragstext\" href=\"http:\/\/paecon.hallowiki.de\/hallowelt\/security\/secureImage.php?f=\/5\/5e\/Elsner.pdf\" target=\"_blank\"> <span style=\"text-decoration: underline;\">&#8222;Der Beitrag des \u00f6konomischen Mainstream zum Kasino-, Krisen- und Katastrophen-Kapitalismus \u2013 und Perspektiven der heterodoxen \u00d6konomik&#8220;<\/span><\/a><\/p>\n<p align=\"left\">Gestern abend \u00fcbermittelte Wolfram Elsner einen weiteren Text per Email mit der Freistellung zur weiteren Verbreitung, Textauszug: <a title=\"Textauszug mit Bestellm\u00f6glichkeit\" href=\"http:\/\/www.vordenker.de\/elsner\/Textauszug_Elsner.pdf\" target=\"_blank\">\u201eNeoliberaler\u201c Kapitalismus versus Demokratie.<\/a><br \/>\nFinanzkrise, Systemkrise \u2013 und warum der degenerierte Finanzkapitalismus selbst mit formaler Vertretungsdemokratie unvertr\u00e4glich geworden ist<br \/>\nEin Kommentar<br \/>\nErg\u00e4nzung 02.04.2012: Dieser Beitrag war hier online verf\u00fcgbar. Wolfram Elsner hat ihn jedoch\u00a0 in der Zwischenzeit erheblich erweitert und verbessert, so dass wir uns entschlossen haben, die Erstversion vom Netz zu nehmen. Der \u00fcberarbeitete Text ist nun per Print verf\u00fcgbar, s.o.<\/p>\n<p align=\"left\">Die Bestellm\u00f6glichkeit der Printversion findet sich am Fu\u00df des Textauszuges. Eine vollst\u00e4ndige Online-Version wird bald wieder bereitgestellt.<\/p>\n<p align=\"left\">\u00a0Ich anempfehle diesen Text jedem, der sich f\u00fcr Politik allgemein und f\u00fcr die Hintergr\u00fcnde der Finanzkrise im Besonderen interessiert und danke Wolfram Elsner herzlich f\u00fcr die Zurverf\u00fcgungstellung.<\/p>\n<p align=\"left\">Unter diesen Gesichtspunkten demaskiert sich auch ACTA als der Versuch einer langfristigen Renditesicherung &#8211; f\u00fcr einige Wenige.<\/p>\n<p align=\"left\">Nick H.<\/p>\n","protected":false},"excerpt":{"rendered":"<p>Hallo zusammen, Wolfram Elsner ist Hochschullehrer an der Universit\u00e4t Bremen. Er gilt als scharfer Kritiker der neoliberalen Wirtschaftsideologie und engagiert sich auf Fachtagungen sowie in j\u00fcngster Zeit auch \u00f6ffentlich im Rahmen von Veranstaltungen der der Occupy-Bewegung. Im Rahmen der Tagung \u201eDie Krise des Kapitalismus und die Zukunft der \u00f6konomischen Wissenschaft. Mainstream \u2013 Heterodoxien \u2013 Pluralismus?\u201c [&hellip;]<\/p>\n","protected":false},"author":1,"featured_media":0,"comment_status":"open","ping_status":"open","sticky":false,"template":"","format":"standard","meta":{"footnotes":""},"categories":[6,1,231,4],"tags":[132,251,250],"class_list":["post-480","post","type-post","status-publish","format-standard","hentry","category-allgemein","category-politik","category-wirtschaftspolitik","category-wissenschaft","tag-finanzkrise","tag-neoliberalismus","tag-wolfram-elsner"],"_links":{"self":[{"href":"https:\/\/www.vordenker.de\/blog\/wp-json\/wp\/v2\/posts\/480","targetHints":{"allow":["GET"]}}],"collection":[{"href":"https:\/\/www.vordenker.de\/blog\/wp-json\/wp\/v2\/posts"}],"about":[{"href":"https:\/\/www.vordenker.de\/blog\/wp-json\/wp\/v2\/types\/post"}],"author":[{"embeddable":true,"href":"https:\/\/www.vordenker.de\/blog\/wp-json\/wp\/v2\/users\/1"}],"replies":[{"embeddable":true,"href":"https:\/\/www.vordenker.de\/blog\/wp-json\/wp\/v2\/comments?post=480"}],"version-history":[{"count":14,"href":"https:\/\/www.vordenker.de\/blog\/wp-json\/wp\/v2\/posts\/480\/revisions"}],"predecessor-version":[{"id":485,"href":"https:\/\/www.vordenker.de\/blog\/wp-json\/wp\/v2\/posts\/480\/revisions\/485"}],"wp:attachment":[{"href":"https:\/\/www.vordenker.de\/blog\/wp-json\/wp\/v2\/media?parent=480"}],"wp:term":[{"taxonomy":"category","embeddable":true,"href":"https:\/\/www.vordenker.de\/blog\/wp-json\/wp\/v2\/categories?post=480"},{"taxonomy":"post_tag","embeddable":true,"href":"https:\/\/www.vordenker.de\/blog\/wp-json\/wp\/v2\/tags?post=480"}],"curies":[{"name":"wp","href":"https:\/\/api.w.org\/{rel}","templated":true}]}}